{"id":7789,"date":"2014-12-23T10:16:44","date_gmt":"2014-12-23T09:16:44","guid":{"rendered":"http:\/\/www.atelier-geyer.de\/bergith\/?p=7789"},"modified":"2018-05-21T16:54:26","modified_gmt":"2018-05-21T15:54:26","slug":"unico-06-07-08-fluegel-tuersteher","status":"publish","type":"post","link":"https:\/\/www.atelier-geyer.de\/bergith\/2014\/12\/unico-06-07-08-fluegel-tuersteher\/","title":{"rendered":"UNICO-06-07-08-FL\u00dcGEL-T\u00fcrsteher"},"content":{"rendered":"<div id=\"attachment_7779\" style=\"width: 514px\" class=\"wp-caption alignnone\"><a href=\"http:\/\/www.atelier-geyer.de\/bergith\/files\/2014\/12\/JMG3988.jpg\"><img loading=\"lazy\" decoding=\"async\" aria-describedby=\"caption-attachment-7779\" class=\" wp-image-7779\" src=\"http:\/\/www.atelier-geyer.de\/bergith\/files\/2014\/12\/JMG3988.jpg\" alt=\"T\u00fcrsteher\" width=\"504\" height=\"711\" data-id=\"7779\"><\/a><p id=\"caption-attachment-7779\" class=\"wp-caption-text\">Weihnachtlich, elegant begr\u00fcssen diese FL\u00dcGEL &#8211; T\u00fcrsteher jeden Gast, schm\u00fccken Wohnzimmer oder Flur mit einem ganz besonderen Flair.<\/p><\/div>\n<p>&nbsp;<\/p>\n<p><a href=\"http:\/\/www.atelier-geyer.de\/bergith\/files\/2014\/12\/JMG3977.jpg\"><img loading=\"lazy\" decoding=\"async\" class=\"alignnone wp-image-7791\" src=\"http:\/\/www.atelier-geyer.de\/bergith\/files\/2014\/12\/JMG3977.jpg\" alt=\"T\u00fcrsteher\" width=\"292\" height=\"559\" data-id=\"7791\" srcset=\"https:\/\/www.atelier-geyer.de\/bergith\/files\/2014\/12\/JMG3977.jpg 487w, https:\/\/www.atelier-geyer.de\/bergith\/files\/2014\/12\/JMG3977-156x300.jpg 156w\" sizes=\"(max-width: 292px) 100vw, 292px\" \/><\/a>&nbsp;<img loading=\"lazy\" decoding=\"async\" class=\"alignnone wp-image-7773\" style=\"color: #333333; font-style: normal;\" src=\"http:\/\/www.atelier-geyer.de\/bergith\/files\/2014\/12\/JMG3975.jpg\" alt=\"T\u00fcrsteher\" width=\"236\" height=\"559\" data-id=\"7773\"><a href=\"http:\/\/www.atelier-geyer.de\/bergith\/files\/2014\/12\/JMG3981.jpg\"><img loading=\"lazy\" decoding=\"async\" class=\"alignnone wp-image-7792\" src=\"http:\/\/www.atelier-geyer.de\/bergith\/files\/2014\/12\/JMG3981.jpg\" alt=\"T\u00fcrsteher\" width=\"287\" height=\"559\" data-id=\"7792\" srcset=\"https:\/\/www.atelier-geyer.de\/bergith\/files\/2014\/12\/JMG3981.jpg 479w, https:\/\/www.atelier-geyer.de\/bergith\/files\/2014\/12\/JMG3981-154x300.jpg 154w\" sizes=\"(max-width: 287px) 100vw, 287px\" \/><\/a>&nbsp;<img loading=\"lazy\" decoding=\"async\" class=\"alignnone wp-image-7775\" style=\"color: #333333; font-style: normal;\" src=\"http:\/\/www.atelier-geyer.de\/bergith\/files\/2014\/12\/JMG3980.jpg\" alt=\"T\u00fcrsteher\" width=\"221\" height=\"559\" data-id=\"7775\"><a href=\"http:\/\/www.atelier-geyer.de\/bergith\/files\/2014\/12\/JMG3985.jpg\"><img loading=\"lazy\" decoding=\"async\" class=\"alignnone wp-image-7793\" src=\"http:\/\/www.atelier-geyer.de\/bergith\/files\/2014\/12\/JMG3985.jpg\" alt=\"T\u00fcrsteher\" width=\"289\" height=\"559\" data-id=\"7793\"><\/a><img loading=\"lazy\" decoding=\"async\" class=\"alignnone wp-image-7777\" style=\"color: #333333; font-style: normal;\" src=\"http:\/\/www.atelier-geyer.de\/bergith\/files\/2014\/12\/JMG3984.jpg\" alt=\"T\u00fcrsteher\" width=\"220\" height=\"559\" data-id=\"7777\" srcset=\"https:\/\/www.atelier-geyer.de\/bergith\/files\/2014\/12\/JMG3984.jpg 367w, https:\/\/www.atelier-geyer.de\/bergith\/files\/2014\/12\/JMG3984-118x300.jpg 118w\" sizes=\"(max-width: 220px) 100vw, 220px\" \/><\/p>\n","protected":false},"excerpt":{"rendered":"<p>&nbsp; &nbsp;&nbsp;<\/p>\n","protected":false},"author":2,"featured_media":0,"comment_status":"closed","ping_status":"open","sticky":false,"template":"","format":"standard","meta":{"ngg_post_thumbnail":0,"footnotes":""},"categories":[43],"tags":[],"class_list":["post-7789","post","type-post","status-publish","format-standard","hentry","category-wohnen-schenken"],"_links":{"self":[{"href":"https:\/\/www.atelier-geyer.de\/bergith\/wp-json\/wp\/v2\/posts\/7789"}],"collection":[{"href":"https:\/\/www.atelier-geyer.de\/bergith\/wp-json\/wp\/v2\/posts"}],"about":[{"href":"https:\/\/www.atelier-geyer.de\/bergith\/wp-json\/wp\/v2\/types\/post"}],"author":[{"embeddable":true,"href":"https:\/\/www.atelier-geyer.de\/bergith\/wp-json\/wp\/v2\/users\/2"}],"replies":[{"embeddable":true,"href":"https:\/\/www.atelier-geyer.de\/bergith\/wp-json\/wp\/v2\/comments?post=7789"}],"version-history":[{"count":7,"href":"https:\/\/www.atelier-geyer.de\/bergith\/wp-json\/wp\/v2\/posts\/7789\/revisions"}],"predecessor-version":[{"id":8533,"href":"https:\/\/www.atelier-geyer.de\/bergith\/wp-json\/wp\/v2\/posts\/7789\/revisions\/8533"}],"wp:attachment":[{"href":"https:\/\/www.atelier-geyer.de\/bergith\/wp-json\/wp\/v2\/media?parent=7789"}],"wp:term":[{"taxonomy":"category","embeddable":true,"href":"https:\/\/www.atelier-geyer.de\/bergith\/wp-json\/wp\/v2\/categories?post=7789"},{"taxonomy":"post_tag","embeddable":true,"href":"https:\/\/www.atelier-geyer.de\/bergith\/wp-json\/wp\/v2\/tags?post=7789"}],"curies":[{"name":"wp","href":"https:\/\/api.w.org\/{rel}","templated":true}]}}