{"id":7781,"date":"2014-12-23T10:14:11","date_gmt":"2014-12-23T09:14:11","guid":{"rendered":"http:\/\/www.atelier-geyer.de\/bergith\/?p=7781"},"modified":"2018-05-21T16:55:42","modified_gmt":"2018-05-21T15:55:42","slug":"unico-11-12-froesche-tuersteher","status":"publish","type":"post","link":"https:\/\/www.atelier-geyer.de\/bergith\/2014\/12\/unico-11-12-froesche-tuersteher\/","title":{"rendered":"UNICO -11-12-FR\u00d6SCHE-T\u00fcrsteher"},"content":{"rendered":"<div id=\"attachment_7761\" style=\"width: 308px\" class=\"wp-caption alignnone\"><a href=\"http:\/\/www.atelier-geyer.de\/bergith\/files\/2014\/12\/JMG3948.jpg\"><img loading=\"lazy\" decoding=\"async\" aria-describedby=\"caption-attachment-7761\" class=\" wp-image-7761\" src=\"http:\/\/www.atelier-geyer.de\/bergith\/files\/2014\/12\/JMG3948.jpg\" alt=\"T\u00fcrsteher\" width=\"298\" height=\"615\" data-id=\"7761\" srcset=\"https:\/\/www.atelier-geyer.de\/bergith\/files\/2014\/12\/JMG3948.jpg 451w, https:\/\/www.atelier-geyer.de\/bergith\/files\/2014\/12\/JMG3948-145x300.jpg 145w\" sizes=\"(max-width: 298px) 100vw, 298px\" \/><\/a><p id=\"caption-attachment-7761\" class=\"wp-caption-text\">Hallo, Hereinspaziert, fr\u00f6hlich begr\u00fcssen so die Froschlady und ihr Gentleman die G\u00e4ste \u00fcber den Sommer.<\/p><\/div>\n<p><a href=\"http:\/\/www.atelier-geyer.de\/bergith\/files\/2014\/12\/JMG3951.jpg\"><img loading=\"lazy\" decoding=\"async\" class=\"alignnone wp-image-7760\" src=\"http:\/\/www.atelier-geyer.de\/bergith\/files\/2014\/12\/JMG3951.jpg\" alt=\"T\u00fcrsteher\" width=\"332\" height=\"221\" data-id=\"7760\" srcset=\"https:\/\/www.atelier-geyer.de\/bergith\/files\/2014\/12\/JMG3951.jpg 1399w, https:\/\/www.atelier-geyer.de\/bergith\/files\/2014\/12\/JMG3951-300x199.jpg 300w, https:\/\/www.atelier-geyer.de\/bergith\/files\/2014\/12\/JMG3951-1024x682.jpg 1024w, https:\/\/www.atelier-geyer.de\/bergith\/files\/2014\/12\/JMG3951-450x300.jpg 450w\" sizes=\"(max-width: 332px) 100vw, 332px\" \/><\/a><\/p>\n","protected":false},"excerpt":{"rendered":"","protected":false},"author":2,"featured_media":0,"comment_status":"closed","ping_status":"open","sticky":false,"template":"","format":"standard","meta":{"ngg_post_thumbnail":0,"footnotes":""},"categories":[43],"tags":[],"class_list":["post-7781","post","type-post","status-publish","format-standard","hentry","category-wohnen-schenken"],"_links":{"self":[{"href":"https:\/\/www.atelier-geyer.de\/bergith\/wp-json\/wp\/v2\/posts\/7781"}],"collection":[{"href":"https:\/\/www.atelier-geyer.de\/bergith\/wp-json\/wp\/v2\/posts"}],"about":[{"href":"https:\/\/www.atelier-geyer.de\/bergith\/wp-json\/wp\/v2\/types\/post"}],"author":[{"embeddable":true,"href":"https:\/\/www.atelier-geyer.de\/bergith\/wp-json\/wp\/v2\/users\/2"}],"replies":[{"embeddable":true,"href":"https:\/\/www.atelier-geyer.de\/bergith\/wp-json\/wp\/v2\/comments?post=7781"}],"version-history":[{"count":6,"href":"https:\/\/www.atelier-geyer.de\/bergith\/wp-json\/wp\/v2\/posts\/7781\/revisions"}],"predecessor-version":[{"id":8535,"href":"https:\/\/www.atelier-geyer.de\/bergith\/wp-json\/wp\/v2\/posts\/7781\/revisions\/8535"}],"wp:attachment":[{"href":"https:\/\/www.atelier-geyer.de\/bergith\/wp-json\/wp\/v2\/media?parent=7781"}],"wp:term":[{"taxonomy":"category","embeddable":true,"href":"https:\/\/www.atelier-geyer.de\/bergith\/wp-json\/wp\/v2\/categories?post=7781"},{"taxonomy":"post_tag","embeddable":true,"href":"https:\/\/www.atelier-geyer.de\/bergith\/wp-json\/wp\/v2\/tags?post=7781"}],"curies":[{"name":"wp","href":"https:\/\/api.w.org\/{rel}","templated":true}]}}