{"id":525,"date":"2012-01-10T19:01:16","date_gmt":"2012-01-10T18:01:16","guid":{"rendered":"http:\/\/www.atelier-geyer.de\/bergith\/?p=525"},"modified":"2018-05-22T11:16:43","modified_gmt":"2018-05-22T10:16:43","slug":"puschen-alpen-2","status":"publish","type":"post","link":"https:\/\/www.atelier-geyer.de\/bergith\/2012\/01\/puschen-alpen-2\/","title":{"rendered":"UNICO &#8211; P &#8211; 0010 &#8211; Alpen"},"content":{"rendered":"<div id=\"attachment_514\" style=\"width: 1034px\" class=\"wp-caption alignnone\"><a href=\"http:\/\/www.atelier-geyer.de\/bergith\/files\/2012\/01\/P-0011-Puschen-alpen-2.jpg\"><img loading=\"lazy\" decoding=\"async\" aria-describedby=\"caption-attachment-514\" class=\" wp-image-514\" src=\"http:\/\/www.atelier-geyer.de\/bergith\/files\/2012\/01\/P-0011-Puschen-alpen-2.jpg\" alt=\"\" width=\"1024\" height=\"683\" srcset=\"https:\/\/www.atelier-geyer.de\/bergith\/files\/2012\/01\/P-0011-Puschen-alpen-2.jpg 1024w, https:\/\/www.atelier-geyer.de\/bergith\/files\/2012\/01\/P-0011-Puschen-alpen-2-300x200.jpg 300w, https:\/\/www.atelier-geyer.de\/bergith\/files\/2012\/01\/P-0011-Puschen-alpen-2-449x300.jpg 449w\" sizes=\"(max-width: 1024px) 100vw, 1024px\" \/><\/a><p id=\"caption-attachment-514\" class=\"wp-caption-text\">Gr\u00f6sse 38 &#8211; Diese klassischen Puschen bestechen durch ihre leichte Handhabung und anschmiegsame Form. Diese Schuhe sind sicherlich etwas f\u00fcr Trachtenfans, wie auch schon der Titel verr\u00e4t. Der Umschlag am Fussteil, die Farben und Trachtenknopfwahl &#8211; auch der Herzknopf auf rotem Herzuntergrund, best\u00e4tigen dies und machen die Puschen zu einer &#8222;Runden Sache&#8220;.&nbsp;<\/p><\/div>\n<p><a href=\"http:\/\/www.atelier-geyer.de\/bergith\/files\/2012\/01\/P-0011-Puschen-alpen-3.jpg\"><img loading=\"lazy\" decoding=\"async\" class=\"alignnone size-medium wp-image-515\" src=\"http:\/\/www.atelier-geyer.de\/bergith\/files\/2012\/01\/P-0011-Puschen-alpen-3-300x199.jpg\" alt=\"\" width=\"300\" height=\"199\" srcset=\"https:\/\/www.atelier-geyer.de\/bergith\/files\/2012\/01\/P-0011-Puschen-alpen-3-300x199.jpg 300w, https:\/\/www.atelier-geyer.de\/bergith\/files\/2012\/01\/P-0011-Puschen-alpen-3-451x300.jpg 451w, https:\/\/www.atelier-geyer.de\/bergith\/files\/2012\/01\/P-0011-Puschen-alpen-3.jpg 1024w\" sizes=\"(max-width: 300px) 100vw, 300px\" \/><\/a><\/p>\n","protected":false},"excerpt":{"rendered":"","protected":false},"author":3,"featured_media":0,"comment_status":"closed","ping_status":"open","sticky":false,"template":"","format":"standard","meta":{"ngg_post_thumbnail":0,"footnotes":""},"categories":[35],"tags":[],"class_list":["post-525","post","type-post","status-publish","format-standard","hentry","category-puschen"],"_links":{"self":[{"href":"https:\/\/www.atelier-geyer.de\/bergith\/wp-json\/wp\/v2\/posts\/525"}],"collection":[{"href":"https:\/\/www.atelier-geyer.de\/bergith\/wp-json\/wp\/v2\/posts"}],"about":[{"href":"https:\/\/www.atelier-geyer.de\/bergith\/wp-json\/wp\/v2\/types\/post"}],"author":[{"embeddable":true,"href":"https:\/\/www.atelier-geyer.de\/bergith\/wp-json\/wp\/v2\/users\/3"}],"replies":[{"embeddable":true,"href":"https:\/\/www.atelier-geyer.de\/bergith\/wp-json\/wp\/v2\/comments?post=525"}],"version-history":[{"count":11,"href":"https:\/\/www.atelier-geyer.de\/bergith\/wp-json\/wp\/v2\/posts\/525\/revisions"}],"predecessor-version":[{"id":8826,"href":"https:\/\/www.atelier-geyer.de\/bergith\/wp-json\/wp\/v2\/posts\/525\/revisions\/8826"}],"wp:attachment":[{"href":"https:\/\/www.atelier-geyer.de\/bergith\/wp-json\/wp\/v2\/media?parent=525"}],"wp:term":[{"taxonomy":"category","embeddable":true,"href":"https:\/\/www.atelier-geyer.de\/bergith\/wp-json\/wp\/v2\/categories?post=525"},{"taxonomy":"post_tag","embeddable":true,"href":"https:\/\/www.atelier-geyer.de\/bergith\/wp-json\/wp\/v2\/tags?post=525"}],"curies":[{"name":"wp","href":"https:\/\/api.w.org\/{rel}","templated":true}]}}