{"id":447,"date":"2012-01-10T18:42:47","date_gmt":"2012-01-10T17:42:47","guid":{"rendered":"http:\/\/www.atelier-geyer.de\/bergith\/?p=447"},"modified":"2018-05-22T06:46:45","modified_gmt":"2018-05-22T05:46:45","slug":"wilder-kaiser-grau-rot","status":"publish","type":"post","link":"https:\/\/www.atelier-geyer.de\/bergith\/2012\/01\/wilder-kaiser-grau-rot\/","title":{"rendered":"UNICO &#8211; PHW &#8211; 0001 &#8211; Grau Rot *"},"content":{"rendered":"<div id=\"attachment_450\" style=\"width: 1034px\" class=\"wp-caption alignnone\"><a href=\"http:\/\/www.atelier-geyer.de\/bergith\/files\/2012\/01\/PHW-0001-Wilder-Kaiser-Grau-Rot.jpg\"><img loading=\"lazy\" decoding=\"async\" aria-describedby=\"caption-attachment-450\" class=\" wp-image-450 \" src=\"http:\/\/www.atelier-geyer.de\/bergith\/files\/2012\/01\/PHW-0001-Wilder-Kaiser-Grau-Rot.jpg\" alt=\"\" width=\"1024\" height=\"681\" srcset=\"https:\/\/www.atelier-geyer.de\/bergith\/files\/2012\/01\/PHW-0001-Wilder-Kaiser-Grau-Rot.jpg 1024w, https:\/\/www.atelier-geyer.de\/bergith\/files\/2012\/01\/PHW-0001-Wilder-Kaiser-Grau-Rot-300x199.jpg 300w, https:\/\/www.atelier-geyer.de\/bergith\/files\/2012\/01\/PHW-0001-Wilder-Kaiser-Grau-Rot-451x300.jpg 451w\" sizes=\"(max-width: 1024px) 100vw, 1024px\" \/><\/a><p id=\"caption-attachment-450\" class=\"wp-caption-text\">Gr\u00f6sse 39 &#8211; Die klassische Puschenform ausgefallen und mal ganz anders. Die &#8222;Harlekin-Zipfel&#8220; schmiegen sich weich um das Fussgelenk und haben ausser dem Effekt. dass es h\u00fcbsch aussieht, dass sie dort zus\u00e4tzlich w\u00e4rmen. Die klassische Farbkombination grau &#8211; rot wird durch das Gestalten mit den Farben und die Formgebung derselben zum Besonderen.<\/p><\/div>\n<p><a href=\"http:\/\/www.atelier-geyer.de\/bergith\/files\/2012\/01\/PHW-0001-Wilder-Kaiser-Grau-Rot-2.jpg\"><img loading=\"lazy\" decoding=\"async\" class=\"alignnone wp-image-448\" src=\"http:\/\/www.atelier-geyer.de\/bergith\/files\/2012\/01\/PHW-0001-Wilder-Kaiser-Grau-Rot-2-199x300.jpg\" alt=\"\" width=\"179\" height=\"270\" srcset=\"https:\/\/www.atelier-geyer.de\/bergith\/files\/2012\/01\/PHW-0001-Wilder-Kaiser-Grau-Rot-2-199x300.jpg 199w, https:\/\/www.atelier-geyer.de\/bergith\/files\/2012\/01\/PHW-0001-Wilder-Kaiser-Grau-Rot-2.jpg 681w\" sizes=\"(max-width: 179px) 100vw, 179px\" \/><\/a><a href=\"http:\/\/www.atelier-geyer.de\/bergith\/files\/2012\/01\/PHW-0001-Wilder-Kaiser-Grau-Rot-Detail-1.jpg\"><img loading=\"lazy\" decoding=\"async\" class=\"alignnone wp-image-449\" src=\"http:\/\/www.atelier-geyer.de\/bergith\/files\/2012\/01\/PHW-0001-Wilder-Kaiser-Grau-Rot-Detail-1-300x199.jpg\" alt=\"\" width=\"270\" height=\"179\" srcset=\"https:\/\/www.atelier-geyer.de\/bergith\/files\/2012\/01\/PHW-0001-Wilder-Kaiser-Grau-Rot-Detail-1-300x199.jpg 300w, https:\/\/www.atelier-geyer.de\/bergith\/files\/2012\/01\/PHW-0001-Wilder-Kaiser-Grau-Rot-Detail-1-451x300.jpg 451w, https:\/\/www.atelier-geyer.de\/bergith\/files\/2012\/01\/PHW-0001-Wilder-Kaiser-Grau-Rot-Detail-1.jpg 1024w\" sizes=\"(max-width: 270px) 100vw, 270px\" \/><\/a><\/p>\n","protected":false},"excerpt":{"rendered":"","protected":false},"author":3,"featured_media":0,"comment_status":"closed","ping_status":"open","sticky":false,"template":"","format":"standard","meta":{"ngg_post_thumbnail":0,"footnotes":""},"categories":[36],"tags":[],"class_list":["post-447","post","type-post","status-publish","format-standard","hentry","category-harlekin-wilder-kaiser"],"_links":{"self":[{"href":"https:\/\/www.atelier-geyer.de\/bergith\/wp-json\/wp\/v2\/posts\/447"}],"collection":[{"href":"https:\/\/www.atelier-geyer.de\/bergith\/wp-json\/wp\/v2\/posts"}],"about":[{"href":"https:\/\/www.atelier-geyer.de\/bergith\/wp-json\/wp\/v2\/types\/post"}],"author":[{"embeddable":true,"href":"https:\/\/www.atelier-geyer.de\/bergith\/wp-json\/wp\/v2\/users\/3"}],"replies":[{"embeddable":true,"href":"https:\/\/www.atelier-geyer.de\/bergith\/wp-json\/wp\/v2\/comments?post=447"}],"version-history":[{"count":13,"href":"https:\/\/www.atelier-geyer.de\/bergith\/wp-json\/wp\/v2\/posts\/447\/revisions"}],"predecessor-version":[{"id":8692,"href":"https:\/\/www.atelier-geyer.de\/bergith\/wp-json\/wp\/v2\/posts\/447\/revisions\/8692"}],"wp:attachment":[{"href":"https:\/\/www.atelier-geyer.de\/bergith\/wp-json\/wp\/v2\/media?parent=447"}],"wp:term":[{"taxonomy":"category","embeddable":true,"href":"https:\/\/www.atelier-geyer.de\/bergith\/wp-json\/wp\/v2\/categories?post=447"},{"taxonomy":"post_tag","embeddable":true,"href":"https:\/\/www.atelier-geyer.de\/bergith\/wp-json\/wp\/v2\/tags?post=447"}],"curies":[{"name":"wp","href":"https:\/\/api.w.org\/{rel}","templated":true}]}}