{"id":3648,"date":"2017-08-20T12:14:19","date_gmt":"2017-08-20T11:14:19","guid":{"rendered":"http:\/\/www.atelier-geyer.de\/bergith\/?p=3648"},"modified":"2018-01-07T13:11:59","modified_gmt":"2018-01-07T12:11:59","slug":"unico-26","status":"publish","type":"post","link":"https:\/\/www.atelier-geyer.de\/bergith\/2017\/08\/unico-26\/","title":{"rendered":"AKTUELLE &#8211; KURS &#8211; INFOS !"},"content":{"rendered":"<p><span style=\"color: #ff0000;\"><strong>WICHTIGE INFORMATIONEN<\/strong><\/span><\/p>\n<p><strong>!!! &nbsp;<span style=\"color: #ff0000;\"> 2018 findet in Poing wieder &#8222;die lange Nacht der Kunst&#8220; statt <\/span>!!! Mit dem Thema:<span style=\"color: #ff0000;\"> &#8222;Street art&#8220;<\/span> Die Idee einer Installation f\u00fcr diese Veranstaltung habe ich bereits.<\/strong><\/p>\n<p><strong>Gerne w\u00fcrde ich Kinder im Alter zwischen 7 &#8211; 12 Jahren einladen mit mir diese Installation gemeinsam entstehen zu lassen und bei der &#8222;Langen Nacht der Kunst&#8220; zu pr\u00e4sentieren. Wer also Lust hat an diesem Projekt (KOSTENLOS) mitzuarbeiten, bitte meldet euch einfach bei mir, ich w\u00fcrde mich \u00fcber eine rege Beteiligung sehr freuen und garantiere euch, wir werden viel Spass haben.<\/strong><\/p>\n<p><strong><span style=\"color: #ff0000;\">INFOS KURSE<\/span><\/strong><\/p>\n<ul>\n<li><strong>WO FINDEN DIE KURSE STATT?<\/strong> &#8222;G 2&#8220; HAUPTSTRASSE 11 b IM HINTERHOF, (direkt hinter der Caf\u00e9 Station) IN 85586 POING<\/li>\n<li><span style=\"color: #000000;\"><b>KONDITIONEN\/ KURSTERMINE:<\/b><\/span><\/li>\n<li>KURSDAUER &#8211; 3 STUNDEN &#8211; SIE FINDEN STATT :&nbsp;<\/li>\n<li><strong>IN DEN FERIEN<\/strong>: DIENSTAG UND DONNERSTAG &nbsp; &nbsp; &nbsp; &nbsp; &nbsp; &nbsp; &nbsp; &nbsp; &nbsp; &nbsp; &nbsp; &nbsp; &nbsp; &nbsp; &nbsp; &nbsp; &nbsp; &nbsp; &nbsp;VORMITTAGS VON 8 UHR 30 BIS 11 UHR 30&nbsp; &nbsp; &nbsp; &nbsp; &nbsp; &nbsp; &nbsp; &nbsp; &nbsp; &nbsp; &nbsp; &nbsp; &nbsp; &nbsp; &nbsp; &nbsp; &nbsp; &nbsp; &nbsp; &nbsp; &nbsp; &nbsp; &nbsp;NACHMITTAGS VON 14 BIS 17 UHR<\/li>\n<li><strong>W\u00c4HREND DER SCHULE:<\/strong> FREITAG UND SAMSTAG VON 14 BIS 17 UHR<\/li>\n<li>PREIS PRO KURS UND KIND 45.&#8211; \u20ac INCLUSIVE DER BEN\u00d6TIGTEN MATERIALIEN UND WERKZEUGE<\/li>\n<li><strong>ANMELDUNG \/ FORMULARE <\/strong>NACH TELEFONISCHER VEREINBARUNG.<strong>&nbsp;DIE KURSGEB\u00dcHR IST MIT DER ANMELDUNG BAR ZU BEZAHLEN.<\/strong><\/li>\n<li>FUNDSACHEN AUS DER NATUR (STEINE, H\u00d6LZER, BL\u00c4TTER) UND RECYCEL-MATERIAL BITTEN WIR NACH ANSAGE F\u00dcR DIE ENTSPRECHENDEN KURSE MITZUBRINGEN<\/li>\n<li><strong>ESSEN UND GETR\u00c4NKE:<\/strong><\/li>\n<li>Wir bitten um Verst\u00e4ndnis, dass wir ausser stillem Wasser nichts anbieten k\u00f6nnen, da evtl. unterschiedliche Unvertr\u00e4glichkeiten\/Allergien f\u00fcr die Versorgung einen zu hohen Aufwand bedeuten und bitten daher, dass die Kinder ihre eigene Verpflegung mitbringen.<\/li>\n<li><strong>KLEIDUNG:<\/strong><\/li>\n<li>BITTE BEACHTEN !!! &#8222;FARBSPRITZER&#8220;, ES WIRD &#8222;GEKLECKERT UND GELEIMT UND UND UND&#8230;<\/li>\n<li><strong>TEILNEHMERZAHL:<\/strong><\/li>\n<li>AB 2 KINDER FINDEN DIE GRUPPENKURSE STATT &#8211; 4 KINDER MAXIMAL<\/li>\n<li>EINZELTERMINE ODER GEBURTSTAGSKURSE SIND EBENFALLS M\u00d6GLICH<\/li>\n<li><strong>ALTERSBEGRENZUNG:<\/strong><\/li>\n<li>M\u00c4DCHEN UND JUNGEN IM ALTER VON 7 BIS 12 JAHREN<\/li>\n<li><strong>KURSTERMINE AB SOFORT, SIEHE OBEN &#8222;KONDITIONEN&#8220;<\/strong><\/li>\n<li><strong><span style=\"color: #ff0000;\">ES ABER K\u00d6NNEN JEDERZEIT AUF ANFRAGE TERMINE VEREINBART WERDEN.<\/span><\/strong><\/li>\n<\/ul>\n<p>&nbsp;<\/p>\n<p>&nbsp;<\/p>\n","protected":false},"excerpt":{"rendered":"<p>WICHTIGE INFORMATIONEN !!! &nbsp; 2018 findet in Poing wieder &#8222;die lange Nacht der Kunst&#8220; statt !!! Mit dem Thema: &#8222;Street art&#8220; Die Idee einer Installation f\u00fcr diese Veranstaltung habe ich bereits. Gerne w\u00fcrde ich Kinder im Alter zwischen 7 &#8211; &hellip; <a href=\"https:\/\/www.atelier-geyer.de\/bergith\/2017\/08\/unico-26\/\">Weiterlesen <span class=\"meta-nav\">&rarr;<\/span><\/a><\/p>\n","protected":false},"author":3,"featured_media":0,"comment_status":"closed","ping_status":"open","sticky":false,"template":"","format":"standard","meta":{"ngg_post_thumbnail":0,"footnotes":""},"categories":[53],"tags":[],"class_list":["post-3648","post","type-post","status-publish","format-standard","hentry","category-aktivitaten-infos"],"_links":{"self":[{"href":"https:\/\/www.atelier-geyer.de\/bergith\/wp-json\/wp\/v2\/posts\/3648"}],"collection":[{"href":"https:\/\/www.atelier-geyer.de\/bergith\/wp-json\/wp\/v2\/posts"}],"about":[{"href":"https:\/\/www.atelier-geyer.de\/bergith\/wp-json\/wp\/v2\/types\/post"}],"author":[{"embeddable":true,"href":"https:\/\/www.atelier-geyer.de\/bergith\/wp-json\/wp\/v2\/users\/3"}],"replies":[{"embeddable":true,"href":"https:\/\/www.atelier-geyer.de\/bergith\/wp-json\/wp\/v2\/comments?post=3648"}],"version-history":[{"count":211,"href":"https:\/\/www.atelier-geyer.de\/bergith\/wp-json\/wp\/v2\/posts\/3648\/revisions"}],"predecessor-version":[{"id":8513,"href":"https:\/\/www.atelier-geyer.de\/bergith\/wp-json\/wp\/v2\/posts\/3648\/revisions\/8513"}],"wp:attachment":[{"href":"https:\/\/www.atelier-geyer.de\/bergith\/wp-json\/wp\/v2\/media?parent=3648"}],"wp:term":[{"taxonomy":"category","embeddable":true,"href":"https:\/\/www.atelier-geyer.de\/bergith\/wp-json\/wp\/v2\/categories?post=3648"},{"taxonomy":"post_tag","embeddable":true,"href":"https:\/\/www.atelier-geyer.de\/bergith\/wp-json\/wp\/v2\/tags?post=3648"}],"curies":[{"name":"wp","href":"https:\/\/api.w.org\/{rel}","templated":true}]}}