{"id":3269,"date":"2012-01-25T20:00:20","date_gmt":"2012-01-25T19:00:20","guid":{"rendered":"http:\/\/www.atelier-geyer.de\/bergith\/?p=3269"},"modified":"2018-05-22T14:16:43","modified_gmt":"2018-05-22T13:16:43","slug":"unico-flaschenvasen","status":"publish","type":"post","link":"https:\/\/www.atelier-geyer.de\/bergith\/2012\/01\/unico-flaschenvasen\/","title":{"rendered":"UNICO &#8211; 0001 &#8211; 0003 Flaschenvasen + 0001 &#8211; H\u00e4ngevase"},"content":{"rendered":"<p><img loading=\"lazy\" decoding=\"async\" class=\"alignnone wp-image-3280\" src=\"http:\/\/www.atelier-geyer.de\/bergith\/files\/2012\/03\/Flachenvase-GElb-15-225x300.jpg\" alt=\"\" width=\"203\" height=\"270\" srcset=\"https:\/\/www.atelier-geyer.de\/bergith\/files\/2012\/03\/Flachenvase-GElb-15-225x300.jpg 225w, https:\/\/www.atelier-geyer.de\/bergith\/files\/2012\/03\/Flachenvase-GElb-15.jpg 768w\" sizes=\"(max-width: 203px) 100vw, 203px\" \/><img loading=\"lazy\" decoding=\"async\" class=\"alignnone wp-image-3279\" src=\"http:\/\/www.atelier-geyer.de\/bergith\/files\/2012\/03\/Flaschenvase-Gelb3-225x300.jpg\" alt=\"\" width=\"203\" height=\"270\" srcset=\"https:\/\/www.atelier-geyer.de\/bergith\/files\/2012\/03\/Flaschenvase-Gelb3-225x300.jpg 225w, https:\/\/www.atelier-geyer.de\/bergith\/files\/2012\/03\/Flaschenvase-Gelb3.jpg 768w\" sizes=\"(max-width: 203px) 100vw, 203px\" \/><\/p>\n<p>Flaschevase gelb orange mit Bl\u00fcte verziert- eine Blume sieht in dieser Flaschenvase nach viel mehr aus.<\/p>\n<p><a href=\"http:\/\/www.atelier-geyer.de\/bergith\/files\/2012\/03\/Flaschenvase-Lila-11.jpg\"><img loading=\"lazy\" decoding=\"async\" class=\"alignnone size-medium wp-image-3281\" src=\"http:\/\/www.atelier-geyer.de\/bergith\/files\/2012\/03\/Flaschenvase-Lila-11-191x300.jpg\" alt=\"\" width=\"191\" height=\"300\" srcset=\"https:\/\/www.atelier-geyer.de\/bergith\/files\/2012\/03\/Flaschenvase-Lila-11-191x300.jpg 191w, https:\/\/www.atelier-geyer.de\/bergith\/files\/2012\/03\/Flaschenvase-Lila-11.jpg 655w\" sizes=\"(max-width: 191px) 100vw, 191px\" \/><\/a><a href=\"http:\/\/www.atelier-geyer.de\/bergith\/files\/2012\/03\/Flaschenvase-Lila.jpg\"><img loading=\"lazy\" decoding=\"async\" class=\"alignnone size-medium wp-image-3282\" src=\"http:\/\/www.atelier-geyer.de\/bergith\/files\/2012\/03\/Flaschenvase-Lila-225x300.jpg\" alt=\"\" width=\"225\" height=\"300\" srcset=\"https:\/\/www.atelier-geyer.de\/bergith\/files\/2012\/03\/Flaschenvase-Lila-225x300.jpg 225w, https:\/\/www.atelier-geyer.de\/bergith\/files\/2012\/03\/Flaschenvase-Lila.jpg 768w\" sizes=\"(max-width: 225px) 100vw, 225px\" \/><\/a><\/p>\n<p>Flaschenvasegelb lilat\u00f6ne mit Bl\u00fcte als Kranz am Flaschenhals und Filzschn\u00fcren verziert- eine Blume sieht in dieser Flaschenvase nach viel mehr aus.<\/p>\n<p><a href=\"http:\/\/www.atelier-geyer.de\/bergith\/files\/2012\/03\/Kombination-in-Blau-1.jpg\"><img loading=\"lazy\" decoding=\"async\" class=\"alignnone size-medium wp-image-3283\" src=\"http:\/\/www.atelier-geyer.de\/bergith\/files\/2012\/03\/Kombination-in-Blau-1-201x300.jpg\" alt=\"\" width=\"201\" height=\"300\" srcset=\"https:\/\/www.atelier-geyer.de\/bergith\/files\/2012\/03\/Kombination-in-Blau-1-201x300.jpg 201w, https:\/\/www.atelier-geyer.de\/bergith\/files\/2012\/03\/Kombination-in-Blau-1.jpg 688w\" sizes=\"(max-width: 201px) 100vw, 201px\" \/><\/a><a href=\"http:\/\/www.atelier-geyer.de\/bergith\/files\/2012\/03\/Flaschenvase-Blau.jpg\"><img loading=\"lazy\" decoding=\"async\" class=\"alignnone size-medium wp-image-3284\" src=\"http:\/\/www.atelier-geyer.de\/bergith\/files\/2012\/03\/Flaschenvase-Blau-214x300.jpg\" alt=\"\" width=\"214\" height=\"300\" srcset=\"https:\/\/www.atelier-geyer.de\/bergith\/files\/2012\/03\/Flaschenvase-Blau-214x300.jpg 214w, https:\/\/www.atelier-geyer.de\/bergith\/files\/2012\/03\/Flaschenvase-Blau.jpg 731w\" sizes=\"(max-width: 214px) 100vw, 214px\" \/><\/a><\/p>\n<p>Flaschenvase blaugr\u00fcnt\u00f6ne mit Bl\u00fcte als Kranz am Flaschenhals und Filzschnur verziert- eine Blume, oder auch nur ein sch\u00f6nes Blatt, sieht in dieser Flaschenvase nach viel mehr aus.&nbsp;<\/p>\n<p><a href=\"http:\/\/www.atelier-geyer.de\/bergith\/files\/2012\/01\/H\u00e4ngevasen2.jpg\"><img loading=\"lazy\" decoding=\"async\" class=\"alignnone wp-image-3301\" src=\"http:\/\/www.atelier-geyer.de\/bergith\/files\/2012\/01\/H\u00e4ngevasen2-509x1024.jpg\" alt=\"\" width=\"407\" height=\"819\" srcset=\"https:\/\/www.atelier-geyer.de\/bergith\/files\/2012\/01\/H\u00e4ngevasen2-509x1024.jpg 509w, https:\/\/www.atelier-geyer.de\/bergith\/files\/2012\/01\/H\u00e4ngevasen2-149x300.jpg 149w\" sizes=\"(max-width: 407px) 100vw, 407px\" \/><\/a><\/p>\n<p>Diese gefilzte H\u00e4ngevasen mit dem \u201eBl\u00e4tterrand\u201c als Abschluss lassen einzelne Bl\u00fcten als etwas Besonderes erscheinen, ob eine L\u00f6wenzahnbl\u00fcte, Tulpe oder Rose, alles sieht in ihr h\u00fcbsch aus.&nbsp;<\/p>\n","protected":false},"excerpt":{"rendered":"<p>Flaschevase gelb orange mit Bl\u00fcte verziert- eine Blume sieht in dieser Flaschenvase nach viel mehr aus. Flaschenvasegelb lilat\u00f6ne mit Bl\u00fcte als Kranz am Flaschenhals und Filzschn\u00fcren verziert- eine Blume sieht in dieser Flaschenvase nach viel mehr aus. Flaschenvase blaugr\u00fcnt\u00f6ne mit &hellip; <a href=\"https:\/\/www.atelier-geyer.de\/bergith\/2012\/01\/unico-flaschenvasen\/\">Weiterlesen <span class=\"meta-nav\">&rarr;<\/span><\/a><\/p>\n","protected":false},"author":3,"featured_media":0,"comment_status":"closed","ping_status":"open","sticky":false,"template":"","format":"standard","meta":{"ngg_post_thumbnail":0,"footnotes":""},"categories":[43],"tags":[],"class_list":["post-3269","post","type-post","status-publish","format-standard","hentry","category-wohnen-schenken"],"_links":{"self":[{"href":"https:\/\/www.atelier-geyer.de\/bergith\/wp-json\/wp\/v2\/posts\/3269"}],"collection":[{"href":"https:\/\/www.atelier-geyer.de\/bergith\/wp-json\/wp\/v2\/posts"}],"about":[{"href":"https:\/\/www.atelier-geyer.de\/bergith\/wp-json\/wp\/v2\/types\/post"}],"author":[{"embeddable":true,"href":"https:\/\/www.atelier-geyer.de\/bergith\/wp-json\/wp\/v2\/users\/3"}],"replies":[{"embeddable":true,"href":"https:\/\/www.atelier-geyer.de\/bergith\/wp-json\/wp\/v2\/comments?post=3269"}],"version-history":[{"count":18,"href":"https:\/\/www.atelier-geyer.de\/bergith\/wp-json\/wp\/v2\/posts\/3269\/revisions"}],"predecessor-version":[{"id":8974,"href":"https:\/\/www.atelier-geyer.de\/bergith\/wp-json\/wp\/v2\/posts\/3269\/revisions\/8974"}],"wp:attachment":[{"href":"https:\/\/www.atelier-geyer.de\/bergith\/wp-json\/wp\/v2\/media?parent=3269"}],"wp:term":[{"taxonomy":"category","embeddable":true,"href":"https:\/\/www.atelier-geyer.de\/bergith\/wp-json\/wp\/v2\/categories?post=3269"},{"taxonomy":"post_tag","embeddable":true,"href":"https:\/\/www.atelier-geyer.de\/bergith\/wp-json\/wp\/v2\/tags?post=3269"}],"curies":[{"name":"wp","href":"https:\/\/api.w.org\/{rel}","templated":true}]}}